{"id":6124,"date":"2009-07-21T15:54:25","date_gmt":"2009-07-21T15:54:25","guid":{"rendered":"http:\/\/www.bicusa.org\/?p=6124"},"modified":"2013-03-11T15:55:49","modified_gmt":"2013-03-11T15:55:49","slug":"plan-de-asentamientos-para-la-region-de-pando-podria-costar-us-21-millones","status":"publish","type":"post","link":"http:\/\/archive.bankinformationcenter.org\/es\/plan-de-asentamientos-para-la-region-de-pando-podria-costar-us-21-millones\/","title":{"rendered":"Plan de asentamientos para la region de Pando podr\u00eda costar $us 21 millones"},"content":{"rendered":"<h4>Seg\u00fan el plan que desarrolla el Gobierno, hay 600.000 hect\u00e1reas de tierras fiscales para distribuir este a\u00f1o en tres regiones del pa\u00eds. En el departamento de Pando comenzar\u00e1n en agosto el traslado y la dotaci\u00f3n de 200.000 hect\u00e1reas para 2.000 familias.<\/h4>\n<h5>Fuente<\/h5>\n<p><a href=\"http:\/\/www.eldiario.net\/noticias\/2009\/2009_07\/nt090721\/5_09nal.php\" target=\"_blank\">El Diario<\/a><\/p>\n<p>Julio 21, 2009.\u00a0 El Plan de asentamientos de 2.000 familias en el departamento de Pando podr\u00eda requerir de unos 21 millones de d\u00f3lares, en un c\u00e1lculo preliminar que anunci\u00f3 ayer el viceministro de Tierras, Alejandro Almaraz.<\/p>\n<p>La autoridad dijo que el presupuesto podr\u00eda ser menor porque las mismas familias construir\u00e1n sus casas y ya existen caminos. \u201cHay un presupuesto preliminar de 21 millones de d\u00f3lares, pero tenemos la absoluta certeza que va bajar significativamente, porque en este \u00faltimo tiempo se est\u00e1n viendo posibilidades de ahorrar\u201d, asegur\u00f3 Almaraz.<\/p>\n<h5>Leer m\u00e1s<\/h5>\n<p><a href=\"http:\/\/www.eldiario.net\/noticias\/2009\/2009_07\/nt090721\/5_09nal.php\" target=\"_blank\">El Diario<\/a><\/p>\n","protected":false},"excerpt":{"rendered":"<p>Seg\u00fan el plan que desarrolla el Gobierno, hay 600.000 hect\u00e1reas de tierras fiscales para distribuir este a\u00f1o en tres regiones del pa\u00eds. En el departamento de Pando comenzar\u00e1n en agosto el traslado y la dotaci\u00f3n de 200.000 hect\u00e1reas para 2.000 familias.<\/p>\n","protected":false},"author":31,"featured_media":0,"comment_status":"closed","ping_status":"closed","sticky":false,"template":"","format":"standard","meta":{"footnotes":""},"categories":[],"tags":[275,283],"class_list":["post-6124","post","type-post","status-publish","format-standard","hentry","tag-bolivia-es","tag-corredor-norte-bolivia-es"],"_links":{"self":[{"href":"http:\/\/archive.bankinformationcenter.org\/es\/wp-json\/wp\/v2\/posts\/6124","targetHints":{"allow":["GET"]}}],"collection":[{"href":"http:\/\/archive.bankinformationcenter.org\/es\/wp-json\/wp\/v2\/posts"}],"about":[{"href":"http:\/\/archive.bankinformationcenter.org\/es\/wp-json\/wp\/v2\/types\/post"}],"author":[{"embeddable":true,"href":"http:\/\/archive.bankinformationcenter.org\/es\/wp-json\/wp\/v2\/users\/31"}],"replies":[{"embeddable":true,"href":"http:\/\/archive.bankinformationcenter.org\/es\/wp-json\/wp\/v2\/comments?post=6124"}],"version-history":[{"count":0,"href":"http:\/\/archive.bankinformationcenter.org\/es\/wp-json\/wp\/v2\/posts\/6124\/revisions"}],"wp:attachment":[{"href":"http:\/\/archive.bankinformationcenter.org\/es\/wp-json\/wp\/v2\/media?parent=6124"}],"wp:term":[{"taxonomy":"category","embeddable":true,"href":"http:\/\/archive.bankinformationcenter.org\/es\/wp-json\/wp\/v2\/categories?post=6124"},{"taxonomy":"post_tag","embeddable":true,"href":"http:\/\/archive.bankinformationcenter.org\/es\/wp-json\/wp\/v2\/tags?post=6124"}],"curies":[{"name":"wp","href":"https:\/\/api.w.org\/{rel}","templated":true}]}}